{"id":1867,"date":"2015-02-28T00:25:44","date_gmt":"2015-02-27T22:25:44","guid":{"rendered":"http:\/\/www.la-boite-a-finances.com\/blog\/?p=1867"},"modified":"2015-04-07T08:39:15","modified_gmt":"2015-04-07T06:39:15","slug":"bundestag-vs-syriza","status":"publish","type":"post","link":"https:\/\/la-boite-a-finances.com\/blog\/bundestag-vs-syriza\/","title":{"rendered":"Procrastination politique"},"content":{"rendered":"<p>Ce matin, 541 \u00e9lus du Bundestag ont vot\u00e9 un prolongement du programme des aides internationales \u00e0 la Gr\u00e8ce jusqu&rsquo;au 30 juin 2015 (32 votes contre et 13 votes blanc).<br \/>\nAutant dire que le Grexit (risque de voir la Gr\u00e8ce abandonner la monnaie unique) vient de s\u2019\u00e9loigner rapidement.<br \/>\nAu del\u00e0 de cette \u00e9ch\u00e9ance \u00e0 4 mois, cet \u00e9pisode nous montre \u00e0 quel point le camp de l&rsquo;orthodoxie europ\u00e9enne (l\u2019aust\u00e9rit\u00e9) n&rsquo;a malgr\u00e9 tout pas envie de voir la Gr\u00e8ce quitter la Zone euro.<br \/>\nJe pense qu\u2019avec l&rsquo;\u00e9lection d&rsquo;un partie d\u2019extr\u00eame gauche \u00e0 sa t\u00eate, la Gr\u00e8ce a fait comprendre qu&rsquo;elle n&rsquo;avait plus grand chose \u00e0 perdre.<\/p>\n<p>Sinon, je ne sais pas qui des allemands ou des grecs ont c\u00e9d\u00e9 car dans le fond, <b>rien n&rsquo;est r\u00e9gl\u00e9.<br \/>\n<\/b>Il semble que Syriza ait mis beaucoup d&rsquo;eau dans son vin en renon\u00e7ant \u00e0 nombre de promesses \u00e9lectorales.<br \/>\nUn peu trop d&rsquo;ailleurs pour 450 grecs qui ont manifest\u00e9 contre le pouvoir, ce soir \u00e0 Ath\u00e8nes.<br \/>\nCependant les dirigeants grecs ne se sont engag\u00e9s que sur <b>des promesses non chiffr\u00e9es<\/b>, pour obtenir ce blanc-seing allemand.<br \/>\nOn n\u00e9gocie pour gagner du temps et pour tirer la couverture \u00e0 soi.<br \/>\nL&rsquo;essentiel \u00e9tant de ne jamais perdre la face.<br \/>\nC&rsquo;est le jeu politique.<\/p>\n<p><!--more--><\/p>\n<p>Maintenant, le risque se reporte sur l&rsquo;Espagne avec Pedemos, l\u2019\u00e9quivalent de Syriza, le parti \u00e0 pr\u00e9sent au pouvoir en Gr\u00e8ce, qui nourrit de grands espoirs concernant les l\u00e9gislatives de fin d&rsquo;ann\u00e9e.<br \/>\nAvant cela, la prochaine prise de temp\u00e9rature aura lieu le 22 mars aux \u00e9lections r\u00e9gionales d&rsquo;Andalousie.<br \/>\n\u00c0 suivre\u2026<\/p>\n<div id=\"attachment_1976\" style=\"width: 434px\" class=\"wp-caption alignright\"><img loading=\"lazy\" decoding=\"async\" aria-describedby=\"caption-attachment-1976\" class=\"size-full wp-image-1976\" src=\"http:\/\/www.la-boite-a-finances.com\/blog\/wp-content\/uploads\/grece-euro.jpg\" alt=\"\u00a9 Kostas Koufogiorgos \/ Fotolia\" width=\"424\" height=\"283\" srcset=\"https:\/\/la-boite-a-finances.com\/blog\/wp-content\/uploads\/grece-euro.jpg 424w, https:\/\/la-boite-a-finances.com\/blog\/wp-content\/uploads\/grece-euro-300x200.jpg 300w\" sizes=\"(max-width: 424px) 100vw, 424px\" \/><p id=\"caption-attachment-1976\" class=\"wp-caption-text\">\u00a9 Kostas Koufogiorgos \/ Fotolia<\/p><\/div>\n<p>En attendant, <b>c<\/b><b>es menaces ne pr\u00e9sagent pas de l&rsquo;\u00e9volution des march\u00e9s financiers<\/b>.<br \/>\nDans les jours qui arrivent les euros vont commencer \u00e0 couler \u00e0 flot sur l&rsquo;Europe.<br \/>\nLes effets s&rsquo;en font d\u00e9j\u00e0 sentir car les professionnels et les investisseurs avis\u00e9s ont bien compris les cons\u00e9quences du QE mis en place le 22 janvier dernier par la BCE.<br \/>\nLa BCE va racheter des obligations d&rsquo;\u00c9tats europ\u00e9ens et ainsi continuer \u00e0 \u00e9craser leur rendement.<br \/>\nLes investisseurs vont m\u00e9caniquement se tourner vers les actifs plus risqu\u00e9s.<br \/>\nCela aura l&rsquo;avantage d&rsquo;enfin irriguer l&rsquo;\u00e9conomie r\u00e9elle, mais aussi de faire monter les cours de ces actifs risqu\u00e9s.<\/p>\n<p>Pour l&rsquo;instant, on est dans une phase timide de hausse, brid\u00e9e par les menaces \u00e9lectorales mentionn\u00e9es ci-avant.<br \/>\nMais surtout par le fait que la baisse des taux sur les obligations d&rsquo;\u00c9tat fait monter la valeur des obligations d\u00e9j\u00e0 \u00e9mises.<br \/>\nEn effet quand un investisseur poss\u00e9dait une obligation qui lui rapportait 1\u00a0%\/an et que le march\u00e9 ach\u00e8te ces m\u00eame obligation servant 0,5\u00a0%\/an, m\u00e9caniquement, la valeur de l&rsquo;obligation initiale double.<br \/>\nC&rsquo;est ce qui se passe dans une proportion toute relative depuis le d\u00e9but de l&rsquo;ann\u00e9e.<\/p>\n<p>Cependant, ce ph\u00e9nom\u00e8ne finira par s&rsquo;\u00e9puiser, quand les prix des obligations se stabiliseront et m\u00eame par s&rsquo;inverser, quand ils prendront le chemin de la hausse avec le retour de l&rsquo;inflation et de la croissance.<br \/>\nLa s\u00e9curit\u00e9 offerte par ces obligations sera pay\u00e9e par un rendement n\u00e9gatif quand on parle de \u00ab\u00a0taux r\u00e9els\u00a0\u00bb (compar\u00e9 \u00e0 l&rsquo;inflation).<br \/>\nPar ailleurs, ces obligations verront leur valeur d\u00e9cro\u00eetre au fur et \u00e0 mesure que les investisseurs voudront s&rsquo;en d\u00e9barrasser pour de nouvelles obligations plus r\u00e9mun\u00e9ratrices ou pour d&rsquo;autres actifs plus risqu\u00e9s.<br \/>\nAinsi, <b>le flux financier \u00e9tabli des obligations vers les actions sera alors difficile \u00e0 arr\u00eater<\/b>.<br \/>\nIl faudra attendre que les rendements obligataires se stabilisent dans l&rsquo;autre sens, ce qui annoncera l&rsquo;explosion de la prochaine bulle sp\u00e9culative.<br \/>\n\u2026 Dans quelques ann\u00e9es.<\/p>\n","protected":false},"excerpt":{"rendered":"<p>Ce matin, 541 \u00e9lus du Bundestag ont vot\u00e9 un prolongement du programme des aides internationales \u00e0 la Gr\u00e8ce jusqu&rsquo;au 30<a href=\"https:\/\/la-boite-a-finances.com\/blog\/bundestag-vs-syriza\/\" class=\"searchmore\"> Lire la suite&#8230;<\/a><\/p>\n<div class=\"clr\"><\/div>\n","protected":false},"author":3,"featured_media":0,"comment_status":"open","ping_status":"open","sticky":false,"template":"","format":"standard","meta":{"footnotes":""},"categories":[8,10],"tags":[495,494,493],"class_list":["post-1867","post","type-post","status-publish","format-standard","hentry","category-marches-financiers","category-valeurs-mobilieres","tag-alexis-tsipras","tag-angela-merkel","tag-yanis-varoufakis"],"_links":{"self":[{"href":"https:\/\/la-boite-a-finances.com\/blog\/wp-json\/wp\/v2\/posts\/1867"}],"collection":[{"href":"https:\/\/la-boite-a-finances.com\/blog\/wp-json\/wp\/v2\/posts"}],"about":[{"href":"https:\/\/la-boite-a-finances.com\/blog\/wp-json\/wp\/v2\/types\/post"}],"author":[{"embeddable":true,"href":"https:\/\/la-boite-a-finances.com\/blog\/wp-json\/wp\/v2\/users\/3"}],"replies":[{"embeddable":true,"href":"https:\/\/la-boite-a-finances.com\/blog\/wp-json\/wp\/v2\/comments?post=1867"}],"version-history":[{"count":0,"href":"https:\/\/la-boite-a-finances.com\/blog\/wp-json\/wp\/v2\/posts\/1867\/revisions"}],"wp:attachment":[{"href":"https:\/\/la-boite-a-finances.com\/blog\/wp-json\/wp\/v2\/media?parent=1867"}],"wp:term":[{"taxonomy":"category","embeddable":true,"href":"https:\/\/la-boite-a-finances.com\/blog\/wp-json\/wp\/v2\/categories?post=1867"},{"taxonomy":"post_tag","embeddable":true,"href":"https:\/\/la-boite-a-finances.com\/blog\/wp-json\/wp\/v2\/tags?post=1867"}],"curies":[{"name":"wp","href":"https:\/\/api.w.org\/{rel}","templated":true}]}}